{"id":420,"date":"2025-07-01T16:09:43","date_gmt":"2025-07-01T16:09:43","guid":{"rendered":"https:\/\/ff-prebensdorf.at\/?p=420"},"modified":"2025-08-07T06:03:47","modified_gmt":"2025-08-07T06:03:47","slug":"jugendbewerb-grossteinbach","status":"publish","type":"post","link":"https:\/\/ff-prebensdorf.at\/index.php\/2025\/07\/01\/jugendbewerb-grossteinbach\/","title":{"rendered":"Jugendbewerb Gro\u00dfsteinbach"},"content":{"rendered":"\n<p>Am 29. Juni 2025 fand der Bereichsjugendleistungsbewerb in Gro\u00dfsteinbach statt. Wir waren wieder mit zahlreichen Teilnehmer:innen dabei vertreten und unsere Jugend konnte tolle sportliche Leistungen zeigen. Eine Gruppe erreichte in Bronze den 5. Platz. Somit sind wir bestens f\u00fcr den Landesbewerb n\u00e4chsten Samstag vorbereitet!<\/p>\n\n\n\n<p>Wir bedanken uns recht herzlich bei der lieben Michi vom Wittgruberhof f\u00fcr das gro\u00dfz\u00fcgige \u201eEis-Sponsoring\u201c! <\/p>\n\n\n\n<figure class=\"wp-block-gallery has-nested-images columns-default is-cropped wp-block-gallery-1 is-layout-flex wp-block-gallery-is-layout-flex\">\n<figure class=\"wp-block-image size-large\"><img loading=\"lazy\" decoding=\"async\" width=\"768\" height=\"1024\" data-id=\"422\" src=\"https:\/\/ff-prebensdorf.at\/wp-content\/uploads\/2025\/07\/20250629_135924000_iOS-1-768x1024.jpg\" alt=\"\" class=\"wp-image-422\" srcset=\"https:\/\/ff-prebensdorf.at\/wp-content\/uploads\/2025\/07\/20250629_135924000_iOS-1-768x1024.jpg 768w, https:\/\/ff-prebensdorf.at\/wp-content\/uploads\/2025\/07\/20250629_135924000_iOS-1-225x300.jpg 225w, https:\/\/ff-prebensdorf.at\/wp-content\/uploads\/2025\/07\/20250629_135924000_iOS-1-1152x1536.jpg 1152w, https:\/\/ff-prebensdorf.at\/wp-content\/uploads\/2025\/07\/20250629_135924000_iOS-1.jpg 1200w\" sizes=\"auto, (max-width: 768px) 100vw, 768px\" \/><\/figure>\n\n\n\n<figure class=\"wp-block-image size-large\"><img loading=\"lazy\" decoding=\"async\" width=\"768\" height=\"1024\" data-id=\"425\" src=\"https:\/\/ff-prebensdorf.at\/wp-content\/uploads\/2025\/07\/20250629_135924000_iOS-2-768x1024.jpg\" alt=\"\" class=\"wp-image-425\" srcset=\"https:\/\/ff-prebensdorf.at\/wp-content\/uploads\/2025\/07\/20250629_135924000_iOS-2-768x1024.jpg 768w, https:\/\/ff-prebensdorf.at\/wp-content\/uploads\/2025\/07\/20250629_135924000_iOS-2-225x300.jpg 225w, https:\/\/ff-prebensdorf.at\/wp-content\/uploads\/2025\/07\/20250629_135924000_iOS-2-1152x1536.jpg 1152w, https:\/\/ff-prebensdorf.at\/wp-content\/uploads\/2025\/07\/20250629_135924000_iOS-2.jpg 1200w\" sizes=\"auto, (max-width: 768px) 100vw, 768px\" \/><\/figure>\n\n\n\n<figure class=\"wp-block-image size-large\"><img loading=\"lazy\" decoding=\"async\" width=\"768\" height=\"1024\" data-id=\"424\" src=\"https:\/\/ff-prebensdorf.at\/wp-content\/uploads\/2025\/07\/20250629_135924000_iOS-768x1024.jpg\" alt=\"\" class=\"wp-image-424\" srcset=\"https:\/\/ff-prebensdorf.at\/wp-content\/uploads\/2025\/07\/20250629_135924000_iOS-768x1024.jpg 768w, https:\/\/ff-prebensdorf.at\/wp-content\/uploads\/2025\/07\/20250629_135924000_iOS-225x300.jpg 225w, https:\/\/ff-prebensdorf.at\/wp-content\/uploads\/2025\/07\/20250629_135924000_iOS-1152x1536.jpg 1152w, https:\/\/ff-prebensdorf.at\/wp-content\/uploads\/2025\/07\/20250629_135924000_iOS.jpg 1200w\" sizes=\"auto, (max-width: 768px) 100vw, 768px\" \/><\/figure>\n\n\n\n<figure class=\"wp-block-image size-large\"><img loading=\"lazy\" decoding=\"async\" width=\"1024\" height=\"768\" data-id=\"423\" src=\"https:\/\/ff-prebensdorf.at\/wp-content\/uploads\/2025\/07\/20250629_135925000_iOS-1024x768.jpg\" alt=\"\" class=\"wp-image-423\" srcset=\"https:\/\/ff-prebensdorf.at\/wp-content\/uploads\/2025\/07\/20250629_135925000_iOS-1024x768.jpg 1024w, https:\/\/ff-prebensdorf.at\/wp-content\/uploads\/2025\/07\/20250629_135925000_iOS-300x225.jpg 300w, https:\/\/ff-prebensdorf.at\/wp-content\/uploads\/2025\/07\/20250629_135925000_iOS-768x576.jpg 768w, https:\/\/ff-prebensdorf.at\/wp-content\/uploads\/2025\/07\/20250629_135925000_iOS-1536x1152.jpg 1536w, https:\/\/ff-prebensdorf.at\/wp-content\/uploads\/2025\/07\/20250629_135925000_iOS.jpg 1600w\" sizes=\"auto, (max-width: 1024px) 100vw, 1024px\" \/><\/figure>\n<\/figure>\n","protected":false},"excerpt":{"rendered":"<p>Am 29. Juni 2025 fand der Bereichsjugendleistungsbewerb in Gro\u00dfsteinbach statt. Wir waren wieder mit zahlreichen Teilnehmer:innen dabei vertreten und unsere Jugend konnte tolle sportliche Leistungen zeigen. Eine Gruppe erreichte in Bronze den 5. Platz. Somit sind wir bestens f\u00fcr den Landesbewerb n\u00e4chsten Samstag vorbereitet! Wir bedanken uns recht herzlich bei der lieben Michi vom Wittgruberhof [&hellip;]<\/p>\n","protected":false},"author":2,"featured_media":423,"comment_status":"closed","ping_status":"open","sticky":false,"template":"","format":"standard","meta":{"footnotes":""},"categories":[1],"tags":[],"class_list":["post-420","post","type-post","status-publish","format-standard","has-post-thumbnail","hentry","category-uncategorized"],"_links":{"self":[{"href":"https:\/\/ff-prebensdorf.at\/index.php\/wp-json\/wp\/v2\/posts\/420","targetHints":{"allow":["GET"]}}],"collection":[{"href":"https:\/\/ff-prebensdorf.at\/index.php\/wp-json\/wp\/v2\/posts"}],"about":[{"href":"https:\/\/ff-prebensdorf.at\/index.php\/wp-json\/wp\/v2\/types\/post"}],"author":[{"embeddable":true,"href":"https:\/\/ff-prebensdorf.at\/index.php\/wp-json\/wp\/v2\/users\/2"}],"replies":[{"embeddable":true,"href":"https:\/\/ff-prebensdorf.at\/index.php\/wp-json\/wp\/v2\/comments?post=420"}],"version-history":[{"count":2,"href":"https:\/\/ff-prebensdorf.at\/index.php\/wp-json\/wp\/v2\/posts\/420\/revisions"}],"predecessor-version":[{"id":426,"href":"https:\/\/ff-prebensdorf.at\/index.php\/wp-json\/wp\/v2\/posts\/420\/revisions\/426"}],"wp:featuredmedia":[{"embeddable":true,"href":"https:\/\/ff-prebensdorf.at\/index.php\/wp-json\/wp\/v2\/media\/423"}],"wp:attachment":[{"href":"https:\/\/ff-prebensdorf.at\/index.php\/wp-json\/wp\/v2\/media?parent=420"}],"wp:term":[{"taxonomy":"category","embeddable":true,"href":"https:\/\/ff-prebensdorf.at\/index.php\/wp-json\/wp\/v2\/categories?post=420"},{"taxonomy":"post_tag","embeddable":true,"href":"https:\/\/ff-prebensdorf.at\/index.php\/wp-json\/wp\/v2\/tags?post=420"}],"curies":[{"name":"wp","href":"https:\/\/api.w.org\/{rel}","templated":true}]}}