{"id":361,"date":"2025-06-27T13:56:45","date_gmt":"2025-06-27T13:56:45","guid":{"rendered":"https:\/\/ff-prebensdorf.at\/?p=361"},"modified":"2025-11-17T18:08:04","modified_gmt":"2025-11-17T18:08:04","slug":"t03v-verkehrsunfall-mit-verletzter-person","status":"publish","type":"post","link":"https:\/\/ff-prebensdorf.at\/index.php\/2025\/06\/27\/t03v-verkehrsunfall-mit-verletzter-person\/","title":{"rendered":"T03V Verkehrsunfall mit verletzter Person"},"content":{"rendered":"\n<p>Am 13. Juni kam es um 17:22 Uhr zu einem Sirenenalarm. Wir wurden zu einem Verkehrsunfall mit verletzter Person auf der L360 H\u00f6he Kl\u00e4ranlage alarmiert.<\/p>\n\n\n\n<p>Bei unserer Ankunft fanden wir ein Auto im Stra\u00dfengraben vor. Unsere Aufgabe war es als Ersthelfer die verletzte Person zu betreuen und das Auto zu bergen sowie die Unfallstelle zu reinigen.<\/p>\n\n\n\n<p>Er waren das HLF 2, KLF und MTF mit 18 Personen eingesetzt.<\/p>\n\n\n\n<figure class=\"wp-block-gallery has-nested-images columns-default is-cropped wp-block-gallery-1 is-layout-flex wp-block-gallery-is-layout-flex\">\n<figure class=\"wp-block-image size-large\"><img loading=\"lazy\" decoding=\"async\" width=\"1024\" height=\"768\" data-id=\"363\" src=\"https:\/\/ff-prebensdorf.at\/wp-content\/uploads\/2025\/06\/503977289_17994350543796034_8649577566625816467_n-1024x768.jpg\" alt=\"\" class=\"wp-image-363\" srcset=\"https:\/\/ff-prebensdorf.at\/wp-content\/uploads\/2025\/06\/503977289_17994350543796034_8649577566625816467_n-1024x768.jpg 1024w, https:\/\/ff-prebensdorf.at\/wp-content\/uploads\/2025\/06\/503977289_17994350543796034_8649577566625816467_n-300x225.jpg 300w, https:\/\/ff-prebensdorf.at\/wp-content\/uploads\/2025\/06\/503977289_17994350543796034_8649577566625816467_n-768x576.jpg 768w, https:\/\/ff-prebensdorf.at\/wp-content\/uploads\/2025\/06\/503977289_17994350543796034_8649577566625816467_n.jpg 1200w\" sizes=\"auto, (max-width: 1024px) 100vw, 1024px\" \/><\/figure>\n\n\n\n<figure class=\"wp-block-image size-large\"><img loading=\"lazy\" decoding=\"async\" width=\"1024\" height=\"768\" data-id=\"364\" src=\"https:\/\/ff-prebensdorf.at\/wp-content\/uploads\/2025\/06\/504050446_17994350534796034_5748396655013768279_n-1024x768.jpg\" alt=\"\" class=\"wp-image-364\" srcset=\"https:\/\/ff-prebensdorf.at\/wp-content\/uploads\/2025\/06\/504050446_17994350534796034_5748396655013768279_n-1024x768.jpg 1024w, https:\/\/ff-prebensdorf.at\/wp-content\/uploads\/2025\/06\/504050446_17994350534796034_5748396655013768279_n-300x225.jpg 300w, https:\/\/ff-prebensdorf.at\/wp-content\/uploads\/2025\/06\/504050446_17994350534796034_5748396655013768279_n-768x576.jpg 768w, https:\/\/ff-prebensdorf.at\/wp-content\/uploads\/2025\/06\/504050446_17994350534796034_5748396655013768279_n.jpg 1200w\" sizes=\"auto, (max-width: 1024px) 100vw, 1024px\" \/><\/figure>\n<\/figure>\n","protected":false},"excerpt":{"rendered":"<p>Am 13. Juni kam es um 17:22 Uhr zu einem Sirenenalarm. Wir wurden zu einem Verkehrsunfall mit verletzter Person auf der L360 H\u00f6he Kl\u00e4ranlage alarmiert. Bei unserer Ankunft fanden wir ein Auto im Stra\u00dfengraben vor. Unsere Aufgabe war es als Ersthelfer die verletzte Person zu betreuen und das Auto zu bergen sowie die Unfallstelle zu [&hellip;]<\/p>\n","protected":false},"author":1,"featured_media":364,"comment_status":"closed","ping_status":"open","sticky":false,"template":"","format":"standard","meta":{"footnotes":""},"categories":[5,1],"tags":[],"class_list":["post-361","post","type-post","status-publish","format-standard","has-post-thumbnail","hentry","category-einsatz","category-uncategorized"],"_links":{"self":[{"href":"https:\/\/ff-prebensdorf.at\/index.php\/wp-json\/wp\/v2\/posts\/361","targetHints":{"allow":["GET"]}}],"collection":[{"href":"https:\/\/ff-prebensdorf.at\/index.php\/wp-json\/wp\/v2\/posts"}],"about":[{"href":"https:\/\/ff-prebensdorf.at\/index.php\/wp-json\/wp\/v2\/types\/post"}],"author":[{"embeddable":true,"href":"https:\/\/ff-prebensdorf.at\/index.php\/wp-json\/wp\/v2\/users\/1"}],"replies":[{"embeddable":true,"href":"https:\/\/ff-prebensdorf.at\/index.php\/wp-json\/wp\/v2\/comments?post=361"}],"version-history":[{"count":2,"href":"https:\/\/ff-prebensdorf.at\/index.php\/wp-json\/wp\/v2\/posts\/361\/revisions"}],"predecessor-version":[{"id":365,"href":"https:\/\/ff-prebensdorf.at\/index.php\/wp-json\/wp\/v2\/posts\/361\/revisions\/365"}],"wp:featuredmedia":[{"embeddable":true,"href":"https:\/\/ff-prebensdorf.at\/index.php\/wp-json\/wp\/v2\/media\/364"}],"wp:attachment":[{"href":"https:\/\/ff-prebensdorf.at\/index.php\/wp-json\/wp\/v2\/media?parent=361"}],"wp:term":[{"taxonomy":"category","embeddable":true,"href":"https:\/\/ff-prebensdorf.at\/index.php\/wp-json\/wp\/v2\/categories?post=361"},{"taxonomy":"post_tag","embeddable":true,"href":"https:\/\/ff-prebensdorf.at\/index.php\/wp-json\/wp\/v2\/tags?post=361"}],"curies":[{"name":"wp","href":"https:\/\/api.w.org\/{rel}","templated":true}]}}