{"id":327,"date":"2025-06-27T13:50:29","date_gmt":"2025-06-27T13:50:29","guid":{"rendered":"https:\/\/ff-prebensdorf.at\/?p=327"},"modified":"2025-08-07T06:03:47","modified_gmt":"2025-08-07T06:03:47","slug":"abschnittsatemschutzubung-am-25-04-2025-in-rohrbach","status":"publish","type":"post","link":"https:\/\/ff-prebensdorf.at\/index.php\/2025\/06\/27\/abschnittsatemschutzubung-am-25-04-2025-in-rohrbach\/","title":{"rendered":"Abschnittsatemschutz\u00fcbung am 25.04.2025 in Rohrbach"},"content":{"rendered":"\n<p>Am 25. April waren ein Atemschutztrupp unserer Feuerwehr bei der Abschnittsatemschutz\u00fcbung der FF Rohrbach am Kulm dabei. Wir bedanken uns f\u00fcr die lehrreiche \u00dcbung!<\/p>\n","protected":false},"excerpt":{"rendered":"<p>Am 25. April waren ein Atemschutztrupp unserer Feuerwehr bei der Abschnittsatemschutz\u00fcbung der FF Rohrbach am Kulm dabei. Wir bedanken uns f\u00fcr die lehrreiche \u00dcbung!<\/p>\n","protected":false},"author":1,"featured_media":329,"comment_status":"closed","ping_status":"open","sticky":false,"template":"","format":"standard","meta":{"footnotes":""},"categories":[1],"tags":[],"class_list":["post-327","post","type-post","status-publish","format-standard","has-post-thumbnail","hentry","category-uncategorized"],"_links":{"self":[{"href":"https:\/\/ff-prebensdorf.at\/index.php\/wp-json\/wp\/v2\/posts\/327","targetHints":{"allow":["GET"]}}],"collection":[{"href":"https:\/\/ff-prebensdorf.at\/index.php\/wp-json\/wp\/v2\/posts"}],"about":[{"href":"https:\/\/ff-prebensdorf.at\/index.php\/wp-json\/wp\/v2\/types\/post"}],"author":[{"embeddable":true,"href":"https:\/\/ff-prebensdorf.at\/index.php\/wp-json\/wp\/v2\/users\/1"}],"replies":[{"embeddable":true,"href":"https:\/\/ff-prebensdorf.at\/index.php\/wp-json\/wp\/v2\/comments?post=327"}],"version-history":[{"count":2,"href":"https:\/\/ff-prebensdorf.at\/index.php\/wp-json\/wp\/v2\/posts\/327\/revisions"}],"predecessor-version":[{"id":330,"href":"https:\/\/ff-prebensdorf.at\/index.php\/wp-json\/wp\/v2\/posts\/327\/revisions\/330"}],"wp:featuredmedia":[{"embeddable":true,"href":"https:\/\/ff-prebensdorf.at\/index.php\/wp-json\/wp\/v2\/media\/329"}],"wp:attachment":[{"href":"https:\/\/ff-prebensdorf.at\/index.php\/wp-json\/wp\/v2\/media?parent=327"}],"wp:term":[{"taxonomy":"category","embeddable":true,"href":"https:\/\/ff-prebensdorf.at\/index.php\/wp-json\/wp\/v2\/categories?post=327"},{"taxonomy":"post_tag","embeddable":true,"href":"https:\/\/ff-prebensdorf.at\/index.php\/wp-json\/wp\/v2\/tags?post=327"}],"curies":[{"name":"wp","href":"https:\/\/api.w.org\/{rel}","templated":true}]}}