{"id":241,"date":"2025-06-27T13:05:53","date_gmt":"2025-06-27T13:05:53","guid":{"rendered":"https:\/\/ff-prebensdorf.at\/?p=241"},"modified":"2025-08-07T06:04:10","modified_gmt":"2025-08-07T06:04:10","slug":"kuppelcup-in-falkenstein","status":"publish","type":"post","link":"https:\/\/ff-prebensdorf.at\/index.php\/2025\/06\/27\/kuppelcup-in-falkenstein\/","title":{"rendered":"Kuppelcup in Falkenstein"},"content":{"rendered":"\n<p>Mit <a><\/a>dem Kuppelcup am 15.03.2025 in Falkenstein sind wir in die diesj\u00e4hrige Bewerbssaison gestartet. Neben unserer langj\u00e4hrig erfolgreichen Wettkampfgruppe, trat dieses Mal auch unsere frisch gegr\u00fcndete Damengruppe an.<\/p>\n\n\n\n<p>Unsere M\u00e4nner erreichten mit einer Spitzenzeit von 19,26 Sekunden fehlerfrei das Achtelfinale und freuten sich \u00fcber den 12. Platz.<\/p>\n\n\n\n<p>Unsere Damen liefen eine Zeit von 37,84 Sekunden mit leider 10 Fehlerpunkten und erreichten damit den 5. Platz in der Damenwertung.<\/p>\n\n\n\n<p>Beide Gruppen sind top-motiviert und freuen sich auf die weiteren Bewerbe!<\/p>\n\n\n\n<figure class=\"wp-block-gallery has-nested-images columns-default is-cropped wp-block-gallery-1 is-layout-flex wp-block-gallery-is-layout-flex\">\n<figure class=\"wp-block-image size-large\"><img loading=\"lazy\" decoding=\"async\" width=\"1024\" height=\"768\" data-id=\"243\" src=\"https:\/\/ff-prebensdorf.at\/wp-content\/uploads\/2025\/06\/490303981_1092861396201570_7630417391699352571_n-1024x768.jpg\" alt=\"\" class=\"wp-image-243\" srcset=\"https:\/\/ff-prebensdorf.at\/wp-content\/uploads\/2025\/06\/490303981_1092861396201570_7630417391699352571_n-1024x768.jpg 1024w, https:\/\/ff-prebensdorf.at\/wp-content\/uploads\/2025\/06\/490303981_1092861396201570_7630417391699352571_n-300x225.jpg 300w, https:\/\/ff-prebensdorf.at\/wp-content\/uploads\/2025\/06\/490303981_1092861396201570_7630417391699352571_n-768x576.jpg 768w, https:\/\/ff-prebensdorf.at\/wp-content\/uploads\/2025\/06\/490303981_1092861396201570_7630417391699352571_n-1536x1152.jpg 1536w, https:\/\/ff-prebensdorf.at\/wp-content\/uploads\/2025\/06\/490303981_1092861396201570_7630417391699352571_n.jpg 2048w\" sizes=\"auto, (max-width: 1024px) 100vw, 1024px\" \/><\/figure>\n\n\n\n<figure class=\"wp-block-image size-large\"><img loading=\"lazy\" decoding=\"async\" width=\"1024\" height=\"768\" data-id=\"244\" src=\"https:\/\/ff-prebensdorf.at\/wp-content\/uploads\/2025\/06\/490367458_1092861439534899_870178042851577099_n-1024x768.jpg\" alt=\"\" class=\"wp-image-244\" srcset=\"https:\/\/ff-prebensdorf.at\/wp-content\/uploads\/2025\/06\/490367458_1092861439534899_870178042851577099_n-1024x768.jpg 1024w, https:\/\/ff-prebensdorf.at\/wp-content\/uploads\/2025\/06\/490367458_1092861439534899_870178042851577099_n-300x225.jpg 300w, https:\/\/ff-prebensdorf.at\/wp-content\/uploads\/2025\/06\/490367458_1092861439534899_870178042851577099_n-768x576.jpg 768w, https:\/\/ff-prebensdorf.at\/wp-content\/uploads\/2025\/06\/490367458_1092861439534899_870178042851577099_n-1536x1152.jpg 1536w, https:\/\/ff-prebensdorf.at\/wp-content\/uploads\/2025\/06\/490367458_1092861439534899_870178042851577099_n.jpg 2048w\" sizes=\"auto, (max-width: 1024px) 100vw, 1024px\" \/><\/figure>\n\n\n\n<figure class=\"wp-block-image size-large\"><img loading=\"lazy\" decoding=\"async\" width=\"1024\" height=\"768\" data-id=\"245\" src=\"https:\/\/ff-prebensdorf.at\/wp-content\/uploads\/2025\/06\/490447577_1092860576201652_6704970175960997021_n-1024x768.jpg\" alt=\"\" class=\"wp-image-245\" srcset=\"https:\/\/ff-prebensdorf.at\/wp-content\/uploads\/2025\/06\/490447577_1092860576201652_6704970175960997021_n-1024x768.jpg 1024w, https:\/\/ff-prebensdorf.at\/wp-content\/uploads\/2025\/06\/490447577_1092860576201652_6704970175960997021_n-300x225.jpg 300w, https:\/\/ff-prebensdorf.at\/wp-content\/uploads\/2025\/06\/490447577_1092860576201652_6704970175960997021_n-768x576.jpg 768w, https:\/\/ff-prebensdorf.at\/wp-content\/uploads\/2025\/06\/490447577_1092860576201652_6704970175960997021_n-1536x1152.jpg 1536w, https:\/\/ff-prebensdorf.at\/wp-content\/uploads\/2025\/06\/490447577_1092860576201652_6704970175960997021_n.jpg 2048w\" sizes=\"auto, (max-width: 1024px) 100vw, 1024px\" \/><\/figure>\n\n\n\n<figure class=\"wp-block-image size-large\"><img loading=\"lazy\" decoding=\"async\" width=\"1024\" height=\"768\" data-id=\"246\" src=\"https:\/\/ff-prebensdorf.at\/wp-content\/uploads\/2025\/06\/490747631_1092861082868268_4163869016780188922_n-1024x768.jpg\" alt=\"\" class=\"wp-image-246\" srcset=\"https:\/\/ff-prebensdorf.at\/wp-content\/uploads\/2025\/06\/490747631_1092861082868268_4163869016780188922_n-1024x768.jpg 1024w, https:\/\/ff-prebensdorf.at\/wp-content\/uploads\/2025\/06\/490747631_1092861082868268_4163869016780188922_n-300x225.jpg 300w, https:\/\/ff-prebensdorf.at\/wp-content\/uploads\/2025\/06\/490747631_1092861082868268_4163869016780188922_n-768x576.jpg 768w, https:\/\/ff-prebensdorf.at\/wp-content\/uploads\/2025\/06\/490747631_1092861082868268_4163869016780188922_n-1536x1152.jpg 1536w, https:\/\/ff-prebensdorf.at\/wp-content\/uploads\/2025\/06\/490747631_1092861082868268_4163869016780188922_n.jpg 2048w\" sizes=\"auto, (max-width: 1024px) 100vw, 1024px\" \/><\/figure>\n<\/figure>\n","protected":false},"excerpt":{"rendered":"<p>Mit dem Kuppelcup am 15.03.2025 in Falkenstein sind wir in die diesj\u00e4hrige Bewerbssaison gestartet. Neben unserer langj\u00e4hrig erfolgreichen Wettkampfgruppe, trat dieses Mal auch unsere frisch gegr\u00fcndete Damengruppe an. Unsere M\u00e4nner erreichten mit einer Spitzenzeit von 19,26 Sekunden fehlerfrei das Achtelfinale und freuten sich \u00fcber den 12. Platz. Unsere Damen liefen eine Zeit von 37,84 Sekunden [&hellip;]<\/p>\n","protected":false},"author":1,"featured_media":243,"comment_status":"closed","ping_status":"open","sticky":false,"template":"","format":"standard","meta":{"footnotes":""},"categories":[1],"tags":[],"class_list":["post-241","post","type-post","status-publish","format-standard","has-post-thumbnail","hentry","category-uncategorized"],"_links":{"self":[{"href":"https:\/\/ff-prebensdorf.at\/index.php\/wp-json\/wp\/v2\/posts\/241","targetHints":{"allow":["GET"]}}],"collection":[{"href":"https:\/\/ff-prebensdorf.at\/index.php\/wp-json\/wp\/v2\/posts"}],"about":[{"href":"https:\/\/ff-prebensdorf.at\/index.php\/wp-json\/wp\/v2\/types\/post"}],"author":[{"embeddable":true,"href":"https:\/\/ff-prebensdorf.at\/index.php\/wp-json\/wp\/v2\/users\/1"}],"replies":[{"embeddable":true,"href":"https:\/\/ff-prebensdorf.at\/index.php\/wp-json\/wp\/v2\/comments?post=241"}],"version-history":[{"count":2,"href":"https:\/\/ff-prebensdorf.at\/index.php\/wp-json\/wp\/v2\/posts\/241\/revisions"}],"predecessor-version":[{"id":247,"href":"https:\/\/ff-prebensdorf.at\/index.php\/wp-json\/wp\/v2\/posts\/241\/revisions\/247"}],"wp:featuredmedia":[{"embeddable":true,"href":"https:\/\/ff-prebensdorf.at\/index.php\/wp-json\/wp\/v2\/media\/243"}],"wp:attachment":[{"href":"https:\/\/ff-prebensdorf.at\/index.php\/wp-json\/wp\/v2\/media?parent=241"}],"wp:term":[{"taxonomy":"category","embeddable":true,"href":"https:\/\/ff-prebensdorf.at\/index.php\/wp-json\/wp\/v2\/categories?post=241"},{"taxonomy":"post_tag","embeddable":true,"href":"https:\/\/ff-prebensdorf.at\/index.php\/wp-json\/wp\/v2\/tags?post=241"}],"curies":[{"name":"wp","href":"https:\/\/api.w.org\/{rel}","templated":true}]}}