{"id":230,"date":"2025-06-27T13:03:29","date_gmt":"2025-06-27T13:03:29","guid":{"rendered":"https:\/\/ff-prebensdorf.at\/?p=230"},"modified":"2025-11-17T18:08:38","modified_gmt":"2025-11-17T18:08:38","slug":"b06-brandmeldeanlage","status":"publish","type":"post","link":"https:\/\/ff-prebensdorf.at\/index.php\/2025\/06\/27\/b06-brandmeldeanlage\/","title":{"rendered":"B06 &#8211; Brandmeldeanlage"},"content":{"rendered":"\n<p>Am 12. M\u00e4rz um 14:41 Uhr wurden wir zu einem B06 &#8211; Brandmeldealarm bei der Firma Oswald alarmiert. Nach dem Erkunden des Betriebsgeb\u00e4udes stellte sich schnell heraus, dass es sich um einen T\u00e4uschungsalarm handelte und dieser durch staubige Bauarbeiten ausgel\u00f6st wurde. Eingesetzt waren das HLF und KLF Prebensdorf mit 13 Personen.<\/p>\n\n\n\n<figure class=\"wp-block-gallery has-nested-images columns-default is-cropped wp-block-gallery-1 is-layout-flex wp-block-gallery-is-layout-flex\"><\/figure>\n","protected":false},"excerpt":{"rendered":"<p>Am 12. M\u00e4rz um 14:41 Uhr wurden wir zu einem B06 &#8211; Brandmeldealarm bei der Firma Oswald alarmiert. Nach dem Erkunden des Betriebsgeb\u00e4udes stellte sich schnell heraus, dass es sich um einen T\u00e4uschungsalarm handelte und dieser durch staubige Bauarbeiten ausgel\u00f6st wurde. Eingesetzt waren das HLF und KLF Prebensdorf mit 13 Personen.<\/p>\n","protected":false},"author":1,"featured_media":232,"comment_status":"closed","ping_status":"open","sticky":false,"template":"","format":"standard","meta":{"footnotes":""},"categories":[5,1],"tags":[],"class_list":["post-230","post","type-post","status-publish","format-standard","has-post-thumbnail","hentry","category-einsatz","category-uncategorized"],"_links":{"self":[{"href":"https:\/\/ff-prebensdorf.at\/index.php\/wp-json\/wp\/v2\/posts\/230","targetHints":{"allow":["GET"]}}],"collection":[{"href":"https:\/\/ff-prebensdorf.at\/index.php\/wp-json\/wp\/v2\/posts"}],"about":[{"href":"https:\/\/ff-prebensdorf.at\/index.php\/wp-json\/wp\/v2\/types\/post"}],"author":[{"embeddable":true,"href":"https:\/\/ff-prebensdorf.at\/index.php\/wp-json\/wp\/v2\/users\/1"}],"replies":[{"embeddable":true,"href":"https:\/\/ff-prebensdorf.at\/index.php\/wp-json\/wp\/v2\/comments?post=230"}],"version-history":[{"count":2,"href":"https:\/\/ff-prebensdorf.at\/index.php\/wp-json\/wp\/v2\/posts\/230\/revisions"}],"predecessor-version":[{"id":233,"href":"https:\/\/ff-prebensdorf.at\/index.php\/wp-json\/wp\/v2\/posts\/230\/revisions\/233"}],"wp:featuredmedia":[{"embeddable":true,"href":"https:\/\/ff-prebensdorf.at\/index.php\/wp-json\/wp\/v2\/media\/232"}],"wp:attachment":[{"href":"https:\/\/ff-prebensdorf.at\/index.php\/wp-json\/wp\/v2\/media?parent=230"}],"wp:term":[{"taxonomy":"category","embeddable":true,"href":"https:\/\/ff-prebensdorf.at\/index.php\/wp-json\/wp\/v2\/categories?post=230"},{"taxonomy":"post_tag","embeddable":true,"href":"https:\/\/ff-prebensdorf.at\/index.php\/wp-json\/wp\/v2\/tags?post=230"}],"curies":[{"name":"wp","href":"https:\/\/api.w.org\/{rel}","templated":true}]}}