{"id":196,"date":"2025-06-27T12:57:44","date_gmt":"2025-06-27T12:57:44","guid":{"rendered":"https:\/\/ff-prebensdorf.at\/?p=196"},"modified":"2025-08-07T06:04:10","modified_gmt":"2025-08-07T06:04:10","slug":"131-wehrversammlung-am-07-03-2025","status":"publish","type":"post","link":"https:\/\/ff-prebensdorf.at\/index.php\/2025\/06\/27\/131-wehrversammlung-am-07-03-2025\/","title":{"rendered":"131. Wehrversammlung am 07.03.2025"},"content":{"rendered":"\n<p>Am Freitag, dem 07.03.2025 fand die 131. Wehrversammlung der Feuerwehr Prebensdorf beim Gasthaus Seidl statt.<\/p>\n\n\n\n<p>Bei der Wehrversammlung wurde auf das Jahr 2024 zur\u00fcckgeblickt.<\/p>\n\n\n\n<p>HBI Marco Fank und die Sonderbeauftragten gaben in einem 22-min\u00fctigen Video einen Bericht \u00fcber die geleisteten T\u00e4tigkeiten.<\/p>\n\n\n\n<p>Danach wurden die Angelobungen und Bef\u00f6rderungen durchgef\u00fchrt. Insgesamt konnten 10 Kamerad:innen in den Aktivstand aufgenommen werden.<\/p>\n\n\n\n<p>Somit besteht unsere Feuerwehr aus 96 Mitgliedern.<\/p>\n\n\n\n<p>Als Ehreng\u00e4ste konnten ABI Karl Mayer, B\u00fcrgermeister Andreas Nagl, Ortsstellenleiter des Roten Kreuzes Pischelsdorf Manuel Lebenbauer, HBI der FF Neudorf-Gro\u00dfpesendorf Robert Schwarz und OBI der FF Pre\u00dfguts Andr\u00e9 Van de Caerin begr\u00fc\u00dft werden.<\/p>\n\n\n\n<p>Das Kommando bedankt sich bei allen Kamerad:innen f\u00fcr die geleisteten Stunden und freut sich auf ein gemeinsames Jahr 2025!<\/p>\n\n\n\n<figure class=\"wp-block-gallery has-nested-images columns-default is-cropped wp-block-gallery-1 is-layout-flex wp-block-gallery-is-layout-flex\">\n<figure class=\"wp-block-image size-large\"><img loading=\"lazy\" decoding=\"async\" width=\"1024\" height=\"768\" data-id=\"199\" src=\"https:\/\/ff-prebensdorf.at\/wp-content\/uploads\/2025\/06\/488906428_1088119266675783_7957371344391249870_n-1024x768.jpg\" alt=\"\" class=\"wp-image-199\" srcset=\"https:\/\/ff-prebensdorf.at\/wp-content\/uploads\/2025\/06\/488906428_1088119266675783_7957371344391249870_n-1024x768.jpg 1024w, https:\/\/ff-prebensdorf.at\/wp-content\/uploads\/2025\/06\/488906428_1088119266675783_7957371344391249870_n-300x225.jpg 300w, https:\/\/ff-prebensdorf.at\/wp-content\/uploads\/2025\/06\/488906428_1088119266675783_7957371344391249870_n-768x576.jpg 768w, https:\/\/ff-prebensdorf.at\/wp-content\/uploads\/2025\/06\/488906428_1088119266675783_7957371344391249870_n-1536x1152.jpg 1536w, https:\/\/ff-prebensdorf.at\/wp-content\/uploads\/2025\/06\/488906428_1088119266675783_7957371344391249870_n.jpg 2048w\" sizes=\"auto, (max-width: 1024px) 100vw, 1024px\" \/><\/figure>\n\n\n\n<figure class=\"wp-block-image size-large\"><img loading=\"lazy\" decoding=\"async\" width=\"600\" height=\"450\" data-id=\"198\" src=\"https:\/\/ff-prebensdorf.at\/wp-content\/uploads\/2025\/06\/488907281_1088119403342436_8858560935541850556_n.jpg\" alt=\"\" class=\"wp-image-198\" srcset=\"https:\/\/ff-prebensdorf.at\/wp-content\/uploads\/2025\/06\/488907281_1088119403342436_8858560935541850556_n.jpg 600w, https:\/\/ff-prebensdorf.at\/wp-content\/uploads\/2025\/06\/488907281_1088119403342436_8858560935541850556_n-300x225.jpg 300w\" sizes=\"auto, (max-width: 600px) 100vw, 600px\" \/><\/figure>\n\n\n\n<figure class=\"wp-block-image size-large\"><img loading=\"lazy\" decoding=\"async\" width=\"600\" height=\"450\" data-id=\"200\" src=\"https:\/\/ff-prebensdorf.at\/wp-content\/uploads\/2025\/06\/489220436_1088119393342437_1957386451276395094_n.jpg\" alt=\"\" class=\"wp-image-200\" srcset=\"https:\/\/ff-prebensdorf.at\/wp-content\/uploads\/2025\/06\/489220436_1088119393342437_1957386451276395094_n.jpg 600w, https:\/\/ff-prebensdorf.at\/wp-content\/uploads\/2025\/06\/489220436_1088119393342437_1957386451276395094_n-300x225.jpg 300w\" sizes=\"auto, (max-width: 600px) 100vw, 600px\" \/><\/figure>\n\n\n\n<figure class=\"wp-block-image size-large\"><img loading=\"lazy\" decoding=\"async\" width=\"600\" height=\"450\" data-id=\"201\" src=\"https:\/\/ff-prebensdorf.at\/wp-content\/uploads\/2025\/06\/489328574_1088119433342433_9001499332291132586_n.jpg\" alt=\"\" class=\"wp-image-201\" srcset=\"https:\/\/ff-prebensdorf.at\/wp-content\/uploads\/2025\/06\/489328574_1088119433342433_9001499332291132586_n.jpg 600w, https:\/\/ff-prebensdorf.at\/wp-content\/uploads\/2025\/06\/489328574_1088119433342433_9001499332291132586_n-300x225.jpg 300w\" sizes=\"auto, (max-width: 600px) 100vw, 600px\" \/><\/figure>\n\n\n\n<figure class=\"wp-block-image size-large\"><img loading=\"lazy\" decoding=\"async\" width=\"600\" height=\"450\" data-id=\"202\" src=\"https:\/\/ff-prebensdorf.at\/wp-content\/uploads\/2025\/06\/489375479_1088119646675745_1533232450326979319_n.jpg\" alt=\"\" class=\"wp-image-202\" srcset=\"https:\/\/ff-prebensdorf.at\/wp-content\/uploads\/2025\/06\/489375479_1088119646675745_1533232450326979319_n.jpg 600w, https:\/\/ff-prebensdorf.at\/wp-content\/uploads\/2025\/06\/489375479_1088119646675745_1533232450326979319_n-300x225.jpg 300w\" sizes=\"auto, (max-width: 600px) 100vw, 600px\" \/><\/figure>\n\n\n\n<figure class=\"wp-block-image size-large\"><img loading=\"lazy\" decoding=\"async\" width=\"1024\" height=\"827\" data-id=\"203\" src=\"https:\/\/ff-prebensdorf.at\/wp-content\/uploads\/2025\/06\/489433565_1088119476675762_4383435241137550628_n-1024x827.jpg\" alt=\"\" class=\"wp-image-203\" srcset=\"https:\/\/ff-prebensdorf.at\/wp-content\/uploads\/2025\/06\/489433565_1088119476675762_4383435241137550628_n-1024x827.jpg 1024w, https:\/\/ff-prebensdorf.at\/wp-content\/uploads\/2025\/06\/489433565_1088119476675762_4383435241137550628_n-300x242.jpg 300w, https:\/\/ff-prebensdorf.at\/wp-content\/uploads\/2025\/06\/489433565_1088119476675762_4383435241137550628_n-768x620.jpg 768w, https:\/\/ff-prebensdorf.at\/wp-content\/uploads\/2025\/06\/489433565_1088119476675762_4383435241137550628_n-1536x1241.jpg 1536w, https:\/\/ff-prebensdorf.at\/wp-content\/uploads\/2025\/06\/489433565_1088119476675762_4383435241137550628_n.jpg 2048w\" sizes=\"auto, (max-width: 1024px) 100vw, 1024px\" \/><\/figure>\n\n\n\n<figure class=\"wp-block-image size-large\"><img loading=\"lazy\" decoding=\"async\" width=\"1024\" height=\"768\" data-id=\"204\" src=\"https:\/\/ff-prebensdorf.at\/wp-content\/uploads\/2025\/06\/489698775_1088119440009099_3918604915145157327_n-1024x768.jpg\" alt=\"\" class=\"wp-image-204\" srcset=\"https:\/\/ff-prebensdorf.at\/wp-content\/uploads\/2025\/06\/489698775_1088119440009099_3918604915145157327_n-1024x768.jpg 1024w, https:\/\/ff-prebensdorf.at\/wp-content\/uploads\/2025\/06\/489698775_1088119440009099_3918604915145157327_n-300x225.jpg 300w, https:\/\/ff-prebensdorf.at\/wp-content\/uploads\/2025\/06\/489698775_1088119440009099_3918604915145157327_n-768x576.jpg 768w, https:\/\/ff-prebensdorf.at\/wp-content\/uploads\/2025\/06\/489698775_1088119440009099_3918604915145157327_n-1536x1152.jpg 1536w, https:\/\/ff-prebensdorf.at\/wp-content\/uploads\/2025\/06\/489698775_1088119440009099_3918604915145157327_n.jpg 2048w\" sizes=\"auto, (max-width: 1024px) 100vw, 1024px\" \/><\/figure>\n<\/figure>\n","protected":false},"excerpt":{"rendered":"<p>Am Freitag, dem 07.03.2025 fand die 131. Wehrversammlung der Feuerwehr Prebensdorf beim Gasthaus Seidl statt. Bei der Wehrversammlung wurde auf das Jahr 2024 zur\u00fcckgeblickt. HBI Marco Fank und die Sonderbeauftragten gaben in einem 22-min\u00fctigen Video einen Bericht \u00fcber die geleisteten T\u00e4tigkeiten. Danach wurden die Angelobungen und Bef\u00f6rderungen durchgef\u00fchrt. Insgesamt konnten 10 Kamerad:innen in den Aktivstand [&hellip;]<\/p>\n","protected":false},"author":1,"featured_media":201,"comment_status":"closed","ping_status":"open","sticky":false,"template":"","format":"standard","meta":{"footnotes":""},"categories":[1],"tags":[],"class_list":["post-196","post","type-post","status-publish","format-standard","has-post-thumbnail","hentry","category-uncategorized"],"_links":{"self":[{"href":"https:\/\/ff-prebensdorf.at\/index.php\/wp-json\/wp\/v2\/posts\/196","targetHints":{"allow":["GET"]}}],"collection":[{"href":"https:\/\/ff-prebensdorf.at\/index.php\/wp-json\/wp\/v2\/posts"}],"about":[{"href":"https:\/\/ff-prebensdorf.at\/index.php\/wp-json\/wp\/v2\/types\/post"}],"author":[{"embeddable":true,"href":"https:\/\/ff-prebensdorf.at\/index.php\/wp-json\/wp\/v2\/users\/1"}],"replies":[{"embeddable":true,"href":"https:\/\/ff-prebensdorf.at\/index.php\/wp-json\/wp\/v2\/comments?post=196"}],"version-history":[{"count":2,"href":"https:\/\/ff-prebensdorf.at\/index.php\/wp-json\/wp\/v2\/posts\/196\/revisions"}],"predecessor-version":[{"id":205,"href":"https:\/\/ff-prebensdorf.at\/index.php\/wp-json\/wp\/v2\/posts\/196\/revisions\/205"}],"wp:featuredmedia":[{"embeddable":true,"href":"https:\/\/ff-prebensdorf.at\/index.php\/wp-json\/wp\/v2\/media\/201"}],"wp:attachment":[{"href":"https:\/\/ff-prebensdorf.at\/index.php\/wp-json\/wp\/v2\/media?parent=196"}],"wp:term":[{"taxonomy":"category","embeddable":true,"href":"https:\/\/ff-prebensdorf.at\/index.php\/wp-json\/wp\/v2\/categories?post=196"},{"taxonomy":"post_tag","embeddable":true,"href":"https:\/\/ff-prebensdorf.at\/index.php\/wp-json\/wp\/v2\/tags?post=196"}],"curies":[{"name":"wp","href":"https:\/\/api.w.org\/{rel}","templated":true}]}}